{"id":1866,"date":"2016-02-28T20:00:08","date_gmt":"2016-02-28T19:00:08","guid":{"rendered":"http:\/\/www.tableronde63.be\/?p=1866"},"modified":"2024-10-17T16:24:56","modified_gmt":"2024-10-17T15:24:56","slug":"rs-938","status":"publish","type":"post","link":"https:\/\/www.tableronde63.be\/?p=1866","title":{"rendered":"RS 938"},"content":{"rendered":"<p>R\u00e9union statutaire n\u00b0 938, le 25 f\u00e9vrier 2016 chez Tchantch\u00e8s.<\/p>\n<p>Il s&#8217;agissait de la r\u00e9union &#8220;1+1 et anciens&#8221;, soit la r\u00e9union annuelle o\u00f9 sont convi\u00e9s les anciens membres de la Table et o\u00f9 chaque membre effectif doit inviter un ami ou une connaissance \u00e0 venir d\u00e9couvrir l&#8217;association.<\/p>\n<p>Cette r\u00e9union traditionnelle est toujours une r\u00e9ussite et l&#8217;\u00e9dition 2016 n&#8217;a pas d\u00e9rog\u00e9 \u00e0 la r\u00e8gle puisque les anciens \u00e9taient nombreux et l&#8217;ambiance au rendez-vous.<\/p>\n<p>Nous comptions donc parmi nous : Messieurs\u00a0Berhaut p\u00e8re &amp; fils (John et Laurent), Jean-Pierre Marchal (aka Japi), Jacques Fontaine, Bernard Routiaux (ancien \u00e9diteur national), \u00a0Benoit Simonis, Vincent Vanhaeren, Philippe Rigaux, Pierre Defechereux, Jean-Pierre &#8220;Highlander&#8221; Robinet et Fran\u00e7ois Hubin.<\/p>\n<p><!--more--><\/p>\n<p>Nous comptions \u00e9galement plusieurs invit\u00e9s &#8230; mais dont le nombre n&#8217;\u00e9tait toutefois pas \u00e9gal au nombre de membres effectifs.<\/p>\n<p>Malgr\u00e9 tous mes efforts, je n&#8217;ai pas \u00e9t\u00e9 en mesure d&#8217;en trouver un. C&#8217;est sans doute &#8220;d\u00fb \u00e0 l&#8217;\u00e2ge&#8221;, diront certaines mauvaises langues. Je ne rel\u00e8verai pas l&#8217;insulte, ni ne\u00a0jetterai la\u00a0pierre \u00e0 quiconque &#8230; et certainement pas \u00e0 Pierre Bonhomme qui est excus\u00e9 ad vitam aeternam puisque, et comme il le dit lui-m\u00eame, la derni\u00e8re fois qu&#8217;il a amen\u00e9 un invit\u00e9, il s&#8217;agissait\u00a0Laurent Correia (avec deux R, svp) !<\/p>\n<p>Concernant les invit\u00e9s, je ne me souviens d&#8217;aucun nom &#8230; sauf un seul, et pour cause puisqu&#8217;il se nomme\u00a0Gr\u00e9gory Fontaine, invit\u00e9 par Mathieu Mannesberg. Si cet invit\u00e9 devenait membre, il va falloir se pencher sur leur date de naissance pour savoir qui va recevoir le chiffre &#8220;2&#8221; ou le suffixe &#8220;Jr.&#8221;.<\/p>\n<p>La lecture des buts a \u00e9t\u00e9 confi\u00e9e\u00a0\u00e0 John Berhaut en sa qualit\u00e9 de doyen de l&#8217;assembl\u00e9e.<\/p>\n<p>Le reste des anciens membres nous ont ensuite gratifi\u00e9s de l&#8217;une ou l&#8217;autre anecdote &#8230; et d&#8217;un magnifique\u00a0\u00a0cadeau en forme de panneaux indicateurs &#8220;R.T. 63&#8221; ! ( &#8230; lesquels sont maintenant entrepos\u00e9s dans la\u00a0cave du bureau de votre r\u00e9dacteur).<\/p>\n<p>Le pr\u00e9sident a pass\u00e9 rapidement en revue l&#8217;agenda de la Table &#8230; pour en arriver \u00e0 &#8220;la chose s\u00e9rieuse&#8221; du jour, je veux parler du speech des deux candidats \u00e0 la vice-pr\u00e9sidence, Mathieu Mannesberg, aka M&amp;M&#8217;s, et Quentin Croisez, aka Kinkin le barde.<\/p>\n<p>&nbsp;<\/p>\n<p><img data-recalc-dims=\"1\" loading=\"lazy\" decoding=\"async\" data-attachment-id=\"1815\" data-permalink=\"https:\/\/www.tableronde63.be\/?attachment_id=1815\" data-orig-file=\"https:\/\/i0.wp.com\/www.tableronde63.be\/wp-content\/uploads\/2016\/03\/PHOTO_9.jpg?fit=860%2C480&amp;ssl=1\" data-orig-size=\"860,480\" data-comments-opened=\"1\" data-image-meta=\"{&quot;aperture&quot;:&quot;0&quot;,&quot;credit&quot;:&quot;&quot;,&quot;camera&quot;:&quot;&quot;,&quot;caption&quot;:&quot;&quot;,&quot;created_timestamp&quot;:&quot;0&quot;,&quot;copyright&quot;:&quot;&quot;,&quot;focal_length&quot;:&quot;0&quot;,&quot;iso&quot;:&quot;0&quot;,&quot;shutter_speed&quot;:&quot;0&quot;,&quot;title&quot;:&quot;&quot;,&quot;orientation&quot;:&quot;1&quot;}\" data-image-title=\"PHOTO_9\" data-image-description=\"\" data-image-caption=\"\" data-medium-file=\"https:\/\/i0.wp.com\/www.tableronde63.be\/wp-content\/uploads\/2016\/03\/PHOTO_9.jpg?fit=300%2C167&amp;ssl=1\" data-large-file=\"https:\/\/i0.wp.com\/www.tableronde63.be\/wp-content\/uploads\/2016\/03\/PHOTO_9.jpg?fit=605%2C338&amp;ssl=1\" class=\"aligncenter wp-image-1815\" src=\"https:\/\/i0.wp.com\/www.tableronde63.be\/wp-content\/uploads\/2016\/03\/PHOTO_9.jpg?resize=600%2C335&#038;ssl=1\" alt=\"PHOTO_9\" width=\"600\" height=\"335\" srcset=\"https:\/\/i0.wp.com\/www.tableronde63.be\/wp-content\/uploads\/2016\/03\/PHOTO_9.jpg?w=860&amp;ssl=1 860w, https:\/\/i0.wp.com\/www.tableronde63.be\/wp-content\/uploads\/2016\/03\/PHOTO_9.jpg?resize=300%2C167&amp;ssl=1 300w, https:\/\/i0.wp.com\/www.tableronde63.be\/wp-content\/uploads\/2016\/03\/PHOTO_9.jpg?resize=768%2C429&amp;ssl=1 768w, https:\/\/i0.wp.com\/www.tableronde63.be\/wp-content\/uploads\/2016\/03\/PHOTO_9.jpg?resize=100%2C56&amp;ssl=1 100w, https:\/\/i0.wp.com\/www.tableronde63.be\/wp-content\/uploads\/2016\/03\/PHOTO_9.jpg?resize=150%2C84&amp;ssl=1 150w, https:\/\/i0.wp.com\/www.tableronde63.be\/wp-content\/uploads\/2016\/03\/PHOTO_9.jpg?resize=200%2C112&amp;ssl=1 200w, https:\/\/i0.wp.com\/www.tableronde63.be\/wp-content\/uploads\/2016\/03\/PHOTO_9.jpg?resize=450%2C251&amp;ssl=1 450w, https:\/\/i0.wp.com\/www.tableronde63.be\/wp-content\/uploads\/2016\/03\/PHOTO_9.jpg?resize=600%2C335&amp;ssl=1 600w\" sizes=\"auto, (max-width: 600px) 100vw, 600px\" \/><\/p>\n<p>&nbsp;<\/p>\n<p>&nbsp;<\/p>\n<p><img data-recalc-dims=\"1\" loading=\"lazy\" decoding=\"async\" data-attachment-id=\"1814\" data-permalink=\"https:\/\/www.tableronde63.be\/?attachment_id=1814\" data-orig-file=\"https:\/\/i0.wp.com\/www.tableronde63.be\/wp-content\/uploads\/2016\/03\/PHOTO_8.jpg?fit=960%2C720&amp;ssl=1\" data-orig-size=\"960,720\" data-comments-opened=\"1\" data-image-meta=\"{&quot;aperture&quot;:&quot;0&quot;,&quot;credit&quot;:&quot;&quot;,&quot;camera&quot;:&quot;&quot;,&quot;caption&quot;:&quot;&quot;,&quot;created_timestamp&quot;:&quot;0&quot;,&quot;copyright&quot;:&quot;&quot;,&quot;focal_length&quot;:&quot;0&quot;,&quot;iso&quot;:&quot;0&quot;,&quot;shutter_speed&quot;:&quot;0&quot;,&quot;title&quot;:&quot;&quot;,&quot;orientation&quot;:&quot;0&quot;}\" data-image-title=\"PHOTO_8\" data-image-description=\"\" data-image-caption=\"\" data-medium-file=\"https:\/\/i0.wp.com\/www.tableronde63.be\/wp-content\/uploads\/2016\/03\/PHOTO_8.jpg?fit=300%2C225&amp;ssl=1\" data-large-file=\"https:\/\/i0.wp.com\/www.tableronde63.be\/wp-content\/uploads\/2016\/03\/PHOTO_8.jpg?fit=605%2C454&amp;ssl=1\" class=\"aligncenter wp-image-1814\" src=\"https:\/\/i0.wp.com\/www.tableronde63.be\/wp-content\/uploads\/2016\/03\/PHOTO_8.jpg?resize=600%2C450&#038;ssl=1\" alt=\"PHOTO_8\" width=\"600\" height=\"450\" srcset=\"https:\/\/i0.wp.com\/www.tableronde63.be\/wp-content\/uploads\/2016\/03\/PHOTO_8.jpg?w=960&amp;ssl=1 960w, https:\/\/i0.wp.com\/www.tableronde63.be\/wp-content\/uploads\/2016\/03\/PHOTO_8.jpg?resize=300%2C225&amp;ssl=1 300w, https:\/\/i0.wp.com\/www.tableronde63.be\/wp-content\/uploads\/2016\/03\/PHOTO_8.jpg?resize=768%2C576&amp;ssl=1 768w, https:\/\/i0.wp.com\/www.tableronde63.be\/wp-content\/uploads\/2016\/03\/PHOTO_8.jpg?resize=100%2C75&amp;ssl=1 100w, https:\/\/i0.wp.com\/www.tableronde63.be\/wp-content\/uploads\/2016\/03\/PHOTO_8.jpg?resize=150%2C113&amp;ssl=1 150w, https:\/\/i0.wp.com\/www.tableronde63.be\/wp-content\/uploads\/2016\/03\/PHOTO_8.jpg?resize=200%2C150&amp;ssl=1 200w, https:\/\/i0.wp.com\/www.tableronde63.be\/wp-content\/uploads\/2016\/03\/PHOTO_8.jpg?resize=450%2C338&amp;ssl=1 450w, https:\/\/i0.wp.com\/www.tableronde63.be\/wp-content\/uploads\/2016\/03\/PHOTO_8.jpg?resize=600%2C450&amp;ssl=1 600w, https:\/\/i0.wp.com\/www.tableronde63.be\/wp-content\/uploads\/2016\/03\/PHOTO_8.jpg?resize=900%2C675&amp;ssl=1 900w\" sizes=\"auto, (max-width: 600px) 100vw, 600px\" \/><\/p>\n<p>&nbsp;<\/p>\n<p>Cela fait plaisir de voir une telle vitalit\u00e9 au sein de la 63 dont l&#8217;avenir apparait p\u00e9renne. Rendez-vous le jeudi 24 mars pour l&#8217;\u00e9lection.<\/p>\n<p>La soir\u00e9e s&#8217;est poursuivie \u00e0 table autour d&#8217;un repas roboratif &#8230; et s&#8217;est \u00e9tir\u00e9e assez tard pour certains, et avec un d\u00e9bat sur la digestion de la bi\u00e8re Ducroux. Ce d\u00e9bat fut \u00e0 ce point anim\u00e9 que La Meuse s&#8217;en est fait l&#8217;\u00e9cho dans son \u00e9dition du 11 mars\u00a0!!!\u00a0<a href=\"https:\/\/www.tableronde63.be\/wp-content\/uploads\/2016\/03\/La-Meuse-Affaire-Ducroux-2.jpg\" target=\"_blank\" rel=\"noopener\">Cliquez ici pour lire l&#8217;article.<\/a><\/p>\n<p>&nbsp;<\/p>\n<p>On termine enfin avec un petit diaporama de la r\u00e9union.<\/p>\n<p>&nbsp;<\/p>\n<p><!-- default-view.php -->\n<div\n\tclass=\"ngg-galleryoverview default-view\n\t ngg-ajax-pagination-none\t\"\n\tid=\"ngg-gallery-ade36066ce0aa4b586b0c934e423f4f4-1\">\n\n\t\t<!-- Thumbnails -->\n\t\t\t\t<div id=\"ngg-image-0\" class=\"ngg-gallery-thumbnail-box\n\t\t\t\t\t\t\t\t\t\t\t\"\n\t\t\t>\n\t\t\t\t\t\t<div class=\"ngg-gallery-thumbnail\">\n\t\t\t<a href=\"https:\/\/www.tableronde63.be\/wp-content\/gallery\/rs938\/DSC2891.jpg\"\n\t\t\t\ttitle=\"\"\n\t\t\t\tdata-src=\"https:\/\/www.tableronde63.be\/wp-content\/gallery\/rs938\/DSC2891.jpg\"\n\t\t\t\tdata-thumbnail=\"https:\/\/www.tableronde63.be\/wp-content\/gallery\/rs938\/thumbs\/thumbs_DSC2891.jpg\"\n\t\t\t\tdata-image-id=\"688\"\n\t\t\t\tdata-title=\"A ma gauche, les anciens.\"\n\t\t\t\tdata-description=\"\"\n\t\t\t\tdata-image-slug=\"_dsc2891\"\n\t\t\t\tclass='nextgen_pro_lightbox' data-nplmodal-gallery-id='ade36066ce0aa4b586b0c934e423f4f4'>\n\t\t\t\t<img\n\t\t\t\t\ttitle=\"A ma gauche, les anciens.\"\n\t\t\t\t\talt=\"A ma gauche, les anciens.\"\n\t\t\t\t\tsrc=\"https:\/\/www.tableronde63.be\/wp-content\/gallery\/rs938\/thumbs\/thumbs_DSC2891.jpg\"\n\t\t\t\t\twidth=\"240\"\n\t\t\t\t\theight=\"180\"\n\t\t\t\t\tstyle=\"max-width:100%;\"\n\t\t\t\t\/>\n\t\t\t<\/a>\n\t\t<\/div>\n\t\t\t\t\t\t\t<\/div>\n\t\t\t\n\t\t\t\t<div id=\"ngg-image-1\" class=\"ngg-gallery-thumbnail-box\n\t\t\t\t\t\t\t\t\t\t\t\"\n\t\t\t>\n\t\t\t\t\t\t<div class=\"ngg-gallery-thumbnail\">\n\t\t\t<a href=\"https:\/\/www.tableronde63.be\/wp-content\/gallery\/rs938\/DSC2892.jpg\"\n\t\t\t\ttitle=\"\"\n\t\t\t\tdata-src=\"https:\/\/www.tableronde63.be\/wp-content\/gallery\/rs938\/DSC2892.jpg\"\n\t\t\t\tdata-thumbnail=\"https:\/\/www.tableronde63.be\/wp-content\/gallery\/rs938\/thumbs\/thumbs_DSC2892.jpg\"\n\t\t\t\tdata-image-id=\"687\"\n\t\t\t\tdata-title=\"A ma droite, les invit\u00e9s.\"\n\t\t\t\tdata-description=\"\"\n\t\t\t\tdata-image-slug=\"_dsc2892\"\n\t\t\t\tclass='nextgen_pro_lightbox' data-nplmodal-gallery-id='ade36066ce0aa4b586b0c934e423f4f4'>\n\t\t\t\t<img\n\t\t\t\t\ttitle=\"A ma droite, les invit\u00e9s.\"\n\t\t\t\t\talt=\"A ma droite, les invit\u00e9s.\"\n\t\t\t\t\tsrc=\"https:\/\/www.tableronde63.be\/wp-content\/gallery\/rs938\/thumbs\/thumbs_DSC2892.jpg\"\n\t\t\t\t\twidth=\"240\"\n\t\t\t\t\theight=\"180\"\n\t\t\t\t\tstyle=\"max-width:100%;\"\n\t\t\t\t\/>\n\t\t\t<\/a>\n\t\t<\/div>\n\t\t\t\t\t\t\t<\/div>\n\t\t\t\n\t\t\t\t<div id=\"ngg-image-2\" class=\"ngg-gallery-thumbnail-box\n\t\t\t\t\t\t\t\t\t\t\t\"\n\t\t\t>\n\t\t\t\t\t\t<div class=\"ngg-gallery-thumbnail\">\n\t\t\t<a href=\"https:\/\/www.tableronde63.be\/wp-content\/gallery\/rs938\/DSC2899.jpg\"\n\t\t\t\ttitle=\"\"\n\t\t\t\tdata-src=\"https:\/\/www.tableronde63.be\/wp-content\/gallery\/rs938\/DSC2899.jpg\"\n\t\t\t\tdata-thumbnail=\"https:\/\/www.tableronde63.be\/wp-content\/gallery\/rs938\/thumbs\/thumbs_DSC2899.jpg\"\n\t\t\t\tdata-image-id=\"686\"\n\t\t\t\tdata-title=\"John Berhaut\"\n\t\t\t\tdata-description=\"\"\n\t\t\t\tdata-image-slug=\"_dsc2899\"\n\t\t\t\tclass='nextgen_pro_lightbox' data-nplmodal-gallery-id='ade36066ce0aa4b586b0c934e423f4f4'>\n\t\t\t\t<img\n\t\t\t\t\ttitle=\"John Berhaut\"\n\t\t\t\t\talt=\"John Berhaut\"\n\t\t\t\t\tsrc=\"https:\/\/www.tableronde63.be\/wp-content\/gallery\/rs938\/thumbs\/thumbs_DSC2899.jpg\"\n\t\t\t\t\twidth=\"240\"\n\t\t\t\t\theight=\"180\"\n\t\t\t\t\tstyle=\"max-width:100%;\"\n\t\t\t\t\/>\n\t\t\t<\/a>\n\t\t<\/div>\n\t\t\t\t\t\t\t<\/div>\n\t\t\t\n\t\t\t\t<div id=\"ngg-image-3\" class=\"ngg-gallery-thumbnail-box\n\t\t\t\t\t\t\t\t\t\t\t\"\n\t\t\t>\n\t\t\t\t\t\t<div class=\"ngg-gallery-thumbnail\">\n\t\t\t<a href=\"https:\/\/www.tableronde63.be\/wp-content\/gallery\/rs938\/DSC2900-1.jpg\"\n\t\t\t\ttitle=\"\"\n\t\t\t\tdata-src=\"https:\/\/www.tableronde63.be\/wp-content\/gallery\/rs938\/DSC2900-1.jpg\"\n\t\t\t\tdata-thumbnail=\"https:\/\/www.tableronde63.be\/wp-content\/gallery\/rs938\/thumbs\/thumbs_DSC2900-1.jpg\"\n\t\t\t\tdata-image-id=\"685\"\n\t\t\t\tdata-title=\"Kinkin le barde et l&#039;Africain\"\n\t\t\t\tdata-description=\"\"\n\t\t\t\tdata-image-slug=\"_dsc2900\"\n\t\t\t\tclass='nextgen_pro_lightbox' data-nplmodal-gallery-id='ade36066ce0aa4b586b0c934e423f4f4'>\n\t\t\t\t<img\n\t\t\t\t\ttitle=\"Kinkin le barde et l&#039;Africain\"\n\t\t\t\t\talt=\"Kinkin le barde et l&#039;Africain\"\n\t\t\t\t\tsrc=\"https:\/\/www.tableronde63.be\/wp-content\/gallery\/rs938\/thumbs\/thumbs_DSC2900-1.jpg\"\n\t\t\t\t\twidth=\"240\"\n\t\t\t\t\theight=\"180\"\n\t\t\t\t\tstyle=\"max-width:100%;\"\n\t\t\t\t\/>\n\t\t\t<\/a>\n\t\t<\/div>\n\t\t\t\t\t\t\t<\/div>\n\t\t\t\n\t\n\t<br style=\"clear: both\" \/>\n\n\t\n\t\t<!-- Pagination -->\n\t\t<div class='ngg-navigation'><span class='current'>1<\/span>\n<a class='page-numbers' data-pageid='2' href='https:\/\/www.tableronde63.be\/index.php\/nggallery\/page\/2?p=1866'>2<\/a>\n<span class='ellipsis'>...<\/span>\n<a class='page-numbers' data-pageid='10' href='https:\/\/www.tableronde63.be\/index.php\/nggallery\/page\/10?p=1866'>10<\/a>\n<a class='prev' href='https:\/\/www.tableronde63.be\/index.php\/nggallery\/page\/2?p=1866' data-pageid=2>&#9658;<\/a><\/div>\t<\/div>\n<\/p>\n<p>&nbsp;<\/p>\n<p>&nbsp;<\/p>\n","protected":false},"excerpt":{"rendered":"<p>R\u00e9union statutaire n\u00b0 938, le 25 f\u00e9vrier 2016 chez Tchantch\u00e8s.<\/p>\n<p>Il s&#8217;agissait de la r\u00e9union &#8220;1+1 et anciens&#8221;, soit la r\u00e9union annuelle o\u00f9 sont convi\u00e9s les anciens membres de la Table et o\u00f9 chaque membre effectif doit inviter un ami ou une connaissance \u00e0 venir d\u00e9couvrir l&#8217;association.<\/p>\n<p><span class=\"ellipsis\">&hellip;<\/span><\/p>\n<div class=\"read-more\"><a href=\"https:\/\/www.tableronde63.be\/?p=1866\">Lire la suite &#8250;<\/a><\/div>\n<p><!-- end of .read-more --><\/p>\n","protected":false},"author":2,"featured_media":1979,"comment_status":"closed","ping_status":"closed","sticky":false,"template":"","format":"standard","meta":{"_s2mail":"yes","ngg_post_thumbnail":0,"jetpack_post_was_ever_published":false,"_jetpack_newsletter_access":"","_jetpack_dont_email_post_to_subs":false,"_jetpack_newsletter_tier_id":0,"_jetpack_memberships_contains_paywalled_content":false,"_jetpack_memberships_contains_paid_content":false,"footnotes":"","jetpack_publicize_message":"","jetpack_publicize_feature_enabled":true,"jetpack_social_post_already_shared":true,"jetpack_social_options":{"image_generator_settings":{"template":"highway","default_image_id":0,"font":"","enabled":false},"version":2}},"categories":[8],"tags":[],"class_list":["post-1866","post","type-post","status-publish","format-standard","has-post-thumbnail","hentry","category-reunions-statutaires"],"jetpack_publicize_connections":[],"jetpack_featured_media_url":"https:\/\/i0.wp.com\/www.tableronde63.be\/wp-content\/uploads\/ngg_featured\/DSC2940-e1458384215749.jpg?fit=600%2C600&ssl=1","jetpack_shortlink":"https:\/\/wp.me\/p3FQhf-u6","jetpack_sharing_enabled":true,"jetpack-related-posts":[],"_links":{"self":[{"href":"https:\/\/www.tableronde63.be\/index.php?rest_route=\/wp\/v2\/posts\/1866","targetHints":{"allow":["GET"]}}],"collection":[{"href":"https:\/\/www.tableronde63.be\/index.php?rest_route=\/wp\/v2\/posts"}],"about":[{"href":"https:\/\/www.tableronde63.be\/index.php?rest_route=\/wp\/v2\/types\/post"}],"author":[{"embeddable":true,"href":"https:\/\/www.tableronde63.be\/index.php?rest_route=\/wp\/v2\/users\/2"}],"replies":[{"embeddable":true,"href":"https:\/\/www.tableronde63.be\/index.php?rest_route=%2Fwp%2Fv2%2Fcomments&post=1866"}],"version-history":[{"count":1,"href":"https:\/\/www.tableronde63.be\/index.php?rest_route=\/wp\/v2\/posts\/1866\/revisions"}],"predecessor-version":[{"id":3812,"href":"https:\/\/www.tableronde63.be\/index.php?rest_route=\/wp\/v2\/posts\/1866\/revisions\/3812"}],"wp:featuredmedia":[{"embeddable":true,"href":"https:\/\/www.tableronde63.be\/index.php?rest_route=\/wp\/v2\/media\/1979"}],"wp:attachment":[{"href":"https:\/\/www.tableronde63.be\/index.php?rest_route=%2Fwp%2Fv2%2Fmedia&parent=1866"}],"wp:term":[{"taxonomy":"category","embeddable":true,"href":"https:\/\/www.tableronde63.be\/index.php?rest_route=%2Fwp%2Fv2%2Fcategories&post=1866"},{"taxonomy":"post_tag","embeddable":true,"href":"https:\/\/www.tableronde63.be\/index.php?rest_route=%2Fwp%2Fv2%2Ftags&post=1866"}],"curies":[{"name":"wp","href":"https:\/\/api.w.org\/{rel}","templated":true}]}}